{"id":305,"date":"2023-01-05T23:28:05","date_gmt":"2023-01-05T22:28:05","guid":{"rendered":"https:\/\/in.vodapoda.eu\/?p=305"},"modified":"2023-01-27T23:57:13","modified_gmt":"2023-01-27T22:57:13","slug":"v-prahe-sa-diskutovalo-o-dunajskej-spolupraci-v-oblasti-voda-a-obehove-bio-hospodarstvo","status":"publish","type":"post","link":"https:\/\/in.vodapoda.eu\/index.php\/2023\/01\/05\/v-prahe-sa-diskutovalo-o-dunajskej-spolupraci-v-oblasti-voda-a-obehove-bio-hospodarstvo\/","title":{"rendered":"V Prahe sa diskutovalo o Dunajskej spolupr\u00e1ci v oblast\u00ed voda a obehov\u00e9 bio-hospod\u00e1rstvo"},"content":{"rendered":"\n<p>V&nbsp;priestoroch Technick\u00e9ho centra \u010cesk\u00e9 akademie v\u011bd sa 7.12.2022 uskuto\u010dnila medzin\u00e1rodn\u00e1 konferencia organizovan\u00e1 iniciat\u00edvou BIOEAST pod z\u00e1\u0161titou Ministerstva zem\u011bd\u011blstv\u00ed \u010cesk\u00e9 republiky. Podnetom k uskuto\u010dneniu konferencie bola pr\u00edprava druh\u00e9ho Dunajsk\u00e9ho maj\u00e1ku, ktor\u00fd spad\u00e1 pod Misiu E\u00da: Ochrana na\u0161ich oce\u00e1nov a&nbsp;v\u00f4d do roku 2030.<\/p>\n\n\n\n<p>Za hlavn\u00fd bod programu konferencie mo\u017eno pova\u017eova\u0165 high-level panelov\u00fa diskusiu o&nbsp;potreb\u00e1ch dunajsk\u00e9ho regi\u00f3nu. V\u00edziu Slovenskej republiky v&nbsp;r\u00e1mci tejto problematiky predniesol \u0161t\u00e1tny tajomn\u00edk Ministerstva p\u00f4dohospod\u00e1rstva a&nbsp;rozvoja vidieka SR Martin Kov\u00e1\u010d:&nbsp;<em><strong>\u201ePri ochrane vn\u00fatrozemsk\u00fdch v\u00f4d je obzvl\u00e1\u0161\u0165 d\u00f4le\u017eit\u00e9 uvedomi\u0165 si kauz\u00e1lnu s\u00favislos\u0165 vo vz\u0165ahu medzi p\u00f4dou a&nbsp;vodou a&nbsp;z\u00e1rove\u0148 sa s\u00fastredi\u0165 na&nbsp;kvalitn\u00e9 nastavenie mana\u017ementu p\u00f4dy, \u010do bude ma\u0165 pozit\u00edvny dopad na stav vody v&nbsp;krajine.\u201c<\/strong><\/em><\/p>\n\n\n\n<p><\/p>\n\n\n\n<figure class=\"wp-block-image size-full is-resized is-style-default\"><img data-recalc-dims=\"1\" loading=\"lazy\" decoding=\"async\" src=\"https:\/\/i0.wp.com\/in.vodapoda.eu\/wp-content\/uploads\/2023\/01\/stretnutie-Praha-voda-Dunaj-Bioeast-7-dec-2022.jpg?resize=433%2C576&#038;ssl=1\" alt=\"\" class=\"wp-image-308\" width=\"433\" height=\"576\" srcset=\"https:\/\/i0.wp.com\/in.vodapoda.eu\/wp-content\/uploads\/2023\/01\/stretnutie-Praha-voda-Dunaj-Bioeast-7-dec-2022.jpg?w=454&amp;ssl=1 454w, https:\/\/i0.wp.com\/in.vodapoda.eu\/wp-content\/uploads\/2023\/01\/stretnutie-Praha-voda-Dunaj-Bioeast-7-dec-2022.jpg?resize=225%2C300&amp;ssl=1 225w\" sizes=\"auto, (max-width: 433px) 100vw, 433px\" \/><\/figure>\n\n\n\n<p><\/p>\n\n\n\n<p>V\u00a0r\u00e1mci panelovej diskusie si \u0161t\u00e1tny tajomn\u00edk Kov\u00e1\u010d vypo\u010dul n\u00e1zory od rezortn\u00fdch kolegov z\u00a0\u010ceska, Ma\u010farska ako aj od z\u00e1stupcu Eur\u00f3pskej komisie. V\u00a0\u010fal\u0161ej \u010dasti diskusie upriamil pozornos\u0165 na d\u00f4le\u017eitos\u0165 vz\u00e1jomnej koordin\u00e1cie a\u00a0spolupr\u00e1ce naprie\u010d krajinami povodia rieky Dunaj. Okrem toho vyjadril z\u00e1ujem prida\u0165 sa k\u00a0iniciat\u00edve pripravovan\u00e9ho dunajsk\u00e9ho maj\u00e1ku.\u00a0<em><strong>\u201eSlovensk\u00e1 republika je pripraven\u00e1 zapoji\u0165 sa do projektu dunajsk\u00e9ho maj\u00e1ku. Dunaj je jednou z\u00a0najd\u00f4le\u017eitej\u0161\u00edch eur\u00f3pskych riek. Je v\u00a0z\u00e1ujme n\u00e1s v\u0161etk\u00fdch, aby sme ho chr\u00e1nili aj pre \u010fal\u0161ie gener\u00e1cie. Sme pripraven\u00ed poskytn\u00fa\u0165 na\u0161e expertn\u00e9 kapacity v\u00a0r\u00e1mci tohto projektu a\u00a0z\u00e1rove\u0148 uv\u00edtame mo\u017enos\u0165 u\u010di\u0165 sa od expertov na\u0161ich partnerov z\u00a0dunajsk\u00e9ho regi\u00f3nu\u201c<\/strong><\/em>, dodal \u0161t\u00e1tny tajomn\u00edk Kov\u00e1\u010d.<\/p>\n\n\n\n<p>\u010cl\u00e1nok je prevzat\u00fd zo str\u00e1nky MPRV SR.<\/p>\n","protected":false},"excerpt":{"rendered":"<p>V&nbsp;priestoroch Technick\u00e9ho centra \u010cesk\u00e9 akademie v\u011bd sa 7.12.2022 uskuto\u010dnila medzin\u00e1rodn\u00e1 konferencia organizovan\u00e1 iniciat\u00edvou BIOEAST pod z\u00e1\u0161titou Ministerstva zem\u011bd\u011blstv\u00ed \u010cesk\u00e9 republiky. Podnetom k uskuto\u010dneniu konferencie bola pr\u00edprava druh\u00e9ho Dunajsk\u00e9ho maj\u00e1ku, ktor\u00fd spad\u00e1 pod Misiu E\u00da: Ochrana na\u0161ich oce\u00e1nov a&nbsp;v\u00f4d do roku 2030. Za hlavn\u00fd bod programu konferencie mo\u017eno pova\u017eova\u0165 high-level panelov\u00fa diskusiu o&nbsp;potreb\u00e1ch dunajsk\u00e9ho regi\u00f3nu. V\u00edziu&#8230;<\/p>\n","protected":false},"author":5,"featured_media":610,"comment_status":"open","ping_status":"open","sticky":false,"template":"","format":"standard","meta":{"_jetpack_memberships_contains_paid_content":false,"footnotes":""},"categories":[11,10],"tags":[],"class_list":["post-305","post","type-post","status-publish","format-standard","has-post-thumbnail","hentry","category-garant","category-gov"],"jetpack_featured_media_url":"https:\/\/i0.wp.com\/in.vodapoda.eu\/wp-content\/uploads\/2023\/01\/ranne-slnko-na-cistine.jpg?fit=1824%2C912&ssl=1","jetpack_sharing_enabled":true,"_links":{"self":[{"href":"https:\/\/in.vodapoda.eu\/index.php\/wp-json\/wp\/v2\/posts\/305","targetHints":{"allow":["GET"]}}],"collection":[{"href":"https:\/\/in.vodapoda.eu\/index.php\/wp-json\/wp\/v2\/posts"}],"about":[{"href":"https:\/\/in.vodapoda.eu\/index.php\/wp-json\/wp\/v2\/types\/post"}],"author":[{"embeddable":true,"href":"https:\/\/in.vodapoda.eu\/index.php\/wp-json\/wp\/v2\/users\/5"}],"replies":[{"embeddable":true,"href":"https:\/\/in.vodapoda.eu\/index.php\/wp-json\/wp\/v2\/comments?post=305"}],"version-history":[{"count":5,"href":"https:\/\/in.vodapoda.eu\/index.php\/wp-json\/wp\/v2\/posts\/305\/revisions"}],"predecessor-version":[{"id":658,"href":"https:\/\/in.vodapoda.eu\/index.php\/wp-json\/wp\/v2\/posts\/305\/revisions\/658"}],"wp:featuredmedia":[{"embeddable":true,"href":"https:\/\/in.vodapoda.eu\/index.php\/wp-json\/wp\/v2\/media\/610"}],"wp:attachment":[{"href":"https:\/\/in.vodapoda.eu\/index.php\/wp-json\/wp\/v2\/media?parent=305"}],"wp:term":[{"taxonomy":"category","embeddable":true,"href":"https:\/\/in.vodapoda.eu\/index.php\/wp-json\/wp\/v2\/categories?post=305"},{"taxonomy":"post_tag","embeddable":true,"href":"https:\/\/in.vodapoda.eu\/index.php\/wp-json\/wp\/v2\/tags?post=305"}],"curies":[{"name":"wp","href":"https:\/\/api.w.org\/{rel}","templated":true}]}}