{"id":802,"date":"2025-03-29T18:40:26","date_gmt":"2025-03-29T17:40:26","guid":{"rendered":"https:\/\/in.vodapoda.eu\/?p=802"},"modified":"2025-03-30T12:41:02","modified_gmt":"2025-03-30T10:41:02","slug":"europska-aliancia-pre-regenerativne-polnohospodarstvo-eara","status":"publish","type":"post","link":"https:\/\/in.vodapoda.eu\/index.php\/2025\/03\/29\/europska-aliancia-pre-regenerativne-polnohospodarstvo-eara\/","title":{"rendered":"Eur\u00f3pska aliancia pre regenerat\u00edvne po\u013enohospod\u00e1rstvo &#8211; EARA"},"content":{"rendered":"\n<p>5. a\u017e 7. febru\u00e1ra 2025 sa uskuto\u010dnil v Bruseli <strong>EARA AGRIFOOD REGENERATION WEEK.<\/strong> Bol to t\u00fd\u017ede\u0148 tematick\u00fdch podujat\u00ed a stretnut\u00ed novovzniknutej (2023) Eur\u00f3pskej alliance pre regenerat\u00edvne po\u013enohospod\u00e1rstvo <a href=\"https:\/\/eara.farm\/\" data-type=\"link\" data-id=\"https:\/\/eara.farm\/\">https:\/\/eara.farm\/<\/a>, ktor\u00e9 m\u00e1 viac ako 60 \u010dlenov. Podujatie bolo ve\u013emi u\u017eito\u010dn\u00e9 a potrebn\u00e9, preto\u017ee na \u0148om prebiehala diskusia o tom ako transformova\u0165 priemyseln\u00e9 formy po\u013enohospod\u00e1rstva na regenerat\u00edvne po\u013enohospod\u00e1rstvo a potravin\u00e1rstvo, ktor\u00e9 poskytuje vy\u0161\u0161iu stabilitu produkcie potrav\u00edn, vy\u0161\u0161iu biodiverzitu a podmienky pre chov zvierat na farm\u00e1ch. Regenerat\u00edvne formy po\u013enohospod\u00e1rstva umo\u017e\u0148uj\u00fa vypestova\u0165 viac za menej vstupov na hekt\u00e1r p\u00f4dy. Uveden\u00fa sk\u00fasenos\u0165 organiz\u00e1cia EAR preukazuje aj vedeck\u00fdch hodnoten\u00edm a monitoringom vstupov a v\u00fdstupov z obhospodarovanej p\u00f4dy. D\u00f4le\u017eitou s\u00fa\u010das\u0165ou po\u013enohospod\u00e1rskej praxe je ochrana p\u00f4dy pred er\u00f3ziou, zadr\u017eiavanie vody v krajine, ako aj budovanie kr\u00e1tkeho odbytov\u00e9ho re\u0165azca v r\u00e1mci ktor\u00e9ho farm\u00e1ri poskytuj\u00fa svoje produkty a produkciu do svojho okolia a regi\u00f3nu. Je pote\u0161uj\u00face, \u017ee aj na Slovensku sa roz\u0161iruje komunita po\u013enohospod\u00e1rov, ktor\u00e1 sa venuje regenerat\u00edvnym form\u00e1m po\u013enohospod\u00e1rstva.  EARA na platforme Linkedin <a href=\"https:\/\/www.linkedin.com\/company\/earafarm\" data-type=\"link\" data-id=\"https:\/\/www.linkedin.com\/company\/earafarm\">https:\/\/www.linkedin.com\/company\/earafarm<\/a>       <\/p>\n\n\n\n<p>D\u0148a <strong>5. febru\u00e1ra 2025<\/strong>, v stredu doobeda, sa uskuto\u010dnilo \u00favodn\u00e9 prezenta\u010dn\u00e9 podujatie &#8222;<strong>Regenerating Forms of Agriculture<\/strong>&#8220; v r\u00e1mci ktor\u00e9ho vyst\u00fapil aj z\u00e1stupca Slovenska s predn\u00e1\u0161kou &#8222;<em>Water for Climate<\/em>&#8222;. Martin Kov\u00e1\u010d prezentoval bohat\u00e9 sk\u00fasenosti expert\u00edzy okolo Novej vodnej paradigmy, sk\u00fasenosti z projektu Horizon Europe DALIA <a href=\"https:\/\/dalia-danube.eu\/\" data-type=\"link\" data-id=\"https:\/\/dalia-danube.eu\/\">https:\/\/dalia-danube.eu\/<\/a>, ako aj zo spolupr\u00e1ce s Iniciat\u00edvou BioEast <a href=\"https:\/\/bioeast.eu\/\">https:\/\/bioeast.eu\/<\/a>. Linka na z\u00e1znam z podujatia je tu <a href=\"https:\/\/www.youtube.com\/watch?v=NIifPo35Xag\" data-type=\"link\" data-id=\"https:\/\/www.youtube.com\/watch?v=NIifPo35Xag\">https:\/\/www.youtube.com\/watch?v=NIifPo35Xag<\/a>. V stredu ve\u010der sa uskuto\u010dnila ve\u010dera na p\u00f4de Eur\u00f3pskeho parlamentu AgriFood Regeneration Dinner, ktorej hostite\u013eom bol Michal Wiezik, poslanec Eur\u00f3pskeho parlamentu, ktor\u00fd je \u010dlenom v\u00fdboru EP pre \u017eivotn\u00e9 prostredie, kl\u00edmu a bezpe\u010dnos\u0165 potravin. Je s\u00fa\u010dasne n\u00e1hradn\u00edkom pre viacero v\u00fdborov okrem in\u00e9ho v\u00fdboru EP pre po\u013enohospod\u00e1rstvo a rozvoj vidieka, ako aj v\u00fdboru EP pre rybolov. Spolo\u010dn\u00e1 ve\u010dera bola doplnen\u00e1 o pr\u00edhovory viacer\u00fdch host\u00ed. Bolo to vhodn\u00e9 podujatia, ktor\u00e9 dalo do popredia v\u00fdznam regenerat\u00edvneho po\u013enohospod\u00e1rstva.<\/p>\n\n\n\n<figure class=\"wp-block-image size-full\"><img data-recalc-dims=\"1\" loading=\"lazy\" decoding=\"async\" width=\"1000\" height=\"563\" src=\"https:\/\/i0.wp.com\/in.vodapoda.eu\/wp-content\/uploads\/2025\/03\/dinner_in_EP_5Feb2025.jpg?resize=1000%2C563&#038;ssl=1\" alt=\"\" class=\"wp-image-810\" srcset=\"https:\/\/i0.wp.com\/in.vodapoda.eu\/wp-content\/uploads\/2025\/03\/dinner_in_EP_5Feb2025.jpg?w=1000&amp;ssl=1 1000w, https:\/\/i0.wp.com\/in.vodapoda.eu\/wp-content\/uploads\/2025\/03\/dinner_in_EP_5Feb2025.jpg?resize=300%2C169&amp;ssl=1 300w, https:\/\/i0.wp.com\/in.vodapoda.eu\/wp-content\/uploads\/2025\/03\/dinner_in_EP_5Feb2025.jpg?resize=768%2C432&amp;ssl=1 768w\" sizes=\"auto, (max-width: 1000px) 100vw, 1000px\" \/><\/figure>\n\n\n\n<p><\/p>\n\n\n\n<p>D\u0148a <strong>6. febru\u00e1ra 2025<\/strong>, vo \u0161tvrtok, sa uskuto\u010dnil celodenn\u00fd Senior AgriFood Regeneration Workshop do ktor\u00e9ho sme sa akt\u00edvne zapojili. Workshop bol ve\u013emi dobre organizovan\u00fd, mal interakt\u00edvnu formu a cie\u013eom bolo akt\u00edvne zapoji\u0165 v\u0161etk\u00fdch \u00fa\u010dastn\u00edkov do diskusie a dial\u00f3gu. Vo \u0161tvrtok ve\u010der sa uskuto\u010dnila ve\u010dera t\u00edmu EARA aj za \u00fa\u010dasti donorov, ktor\u00ed podporili podujatie v Bruseli.<\/p>\n\n\n\n<figure class=\"wp-block-image size-full\"><img data-recalc-dims=\"1\" loading=\"lazy\" decoding=\"async\" width=\"1000\" height=\"563\" src=\"https:\/\/i0.wp.com\/in.vodapoda.eu\/wp-content\/uploads\/2025\/03\/workshop_EARA_6Feb2025.jpg?resize=1000%2C563&#038;ssl=1\" alt=\"\" class=\"wp-image-808\" srcset=\"https:\/\/i0.wp.com\/in.vodapoda.eu\/wp-content\/uploads\/2025\/03\/workshop_EARA_6Feb2025.jpg?w=1000&amp;ssl=1 1000w, https:\/\/i0.wp.com\/in.vodapoda.eu\/wp-content\/uploads\/2025\/03\/workshop_EARA_6Feb2025.jpg?resize=300%2C169&amp;ssl=1 300w, https:\/\/i0.wp.com\/in.vodapoda.eu\/wp-content\/uploads\/2025\/03\/workshop_EARA_6Feb2025.jpg?resize=768%2C432&amp;ssl=1 768w\" sizes=\"auto, (max-width: 1000px) 100vw, 1000px\" \/><\/figure>\n\n\n\n<p><\/p>\n\n\n\n<p>D\u0148a <strong>7. febru\u00e1ra 2025<\/strong>, v piatok, sa mohli \u00fa\u010dastn\u00edci podujatia z\u00fa\u010dastni\u0165 n\u00e1v\u0161tevy pol\u00ed, ktor\u00e9 obhospodaruje farma venuj\u00faca sa regenerat\u00edvnemu po\u013enohospod\u00e1rstvu. V r\u00e1mci tejto praxe vyu\u017e\u00edva miestny farm\u00e1r bezorbov\u00e9 postupy a krycie plodiny. Rovnako preferuje organick\u00e9 hnojiv\u00e1 a regenerat\u00edvne pasenie. Mali sme mo\u017enos\u0165 vidie\u0165 vzorku p\u00f4dy, diskutova\u0165 o pr\u00ednosoch rie\u0161enia, o z\u00edskan\u00fdch sk\u00fasenostiach. Sk\u00fasenos\u0165 farm\u00e1ra bola tak\u00e1, \u017ee pri pr\u00edvalov\u00fdch da\u017e\u010foch, ktor\u00e9 jeho regi\u00f3n za\u017eil pred rokom, po\u013enohospod\u00e1ri, ktor\u00ed sa nevenuj\u00fa regenerat\u00edvnym postupom a ochrane p\u00f4dy, zaznamenali zna\u010dn\u00e9 straty p\u00f4dy v d\u00f4sledku vodnej er\u00f3zie. Spl\u00e1chnut\u00e1 p\u00f4da sp\u00f4sobila povod\u0148ov\u00e9 \u0161kody v obci, ktor\u00e1 sa nach\u00e1dza pod svahmi.<\/p>\n\n\n\n<figure class=\"wp-block-image size-full\"><img data-recalc-dims=\"1\" loading=\"lazy\" decoding=\"async\" width=\"1000\" height=\"563\" src=\"https:\/\/i0.wp.com\/in.vodapoda.eu\/wp-content\/uploads\/2025\/03\/soil_block_Farm_visit_7Feb20205-1.jpg?resize=1000%2C563&#038;ssl=1\" alt=\"\" class=\"wp-image-809\" srcset=\"https:\/\/i0.wp.com\/in.vodapoda.eu\/wp-content\/uploads\/2025\/03\/soil_block_Farm_visit_7Feb20205-1.jpg?w=1000&amp;ssl=1 1000w, https:\/\/i0.wp.com\/in.vodapoda.eu\/wp-content\/uploads\/2025\/03\/soil_block_Farm_visit_7Feb20205-1.jpg?resize=300%2C169&amp;ssl=1 300w, https:\/\/i0.wp.com\/in.vodapoda.eu\/wp-content\/uploads\/2025\/03\/soil_block_Farm_visit_7Feb20205-1.jpg?resize=768%2C432&amp;ssl=1 768w\" sizes=\"auto, (max-width: 1000px) 100vw, 1000px\" \/><\/figure>\n\n\n\n<p><\/p>\n\n\n\n<p>N\u00e1sledne po stretnut\u00ed v Bruseli zostavili \u010dlenovia a spolupracovn\u00edci EARA &#8222;Spolo\u010dn\u00fa reakciu na v\u00edziu rozvoja po\u013enohospod\u00e1rstva a potravin\u00e1rstva Christopha Hansena&#8220;, ktor\u00fa predstavil eurokomis\u00e1r za\u010diatkom roka 2025. Spolo\u010dn\u00e1 reakcia EARA je dostupn\u00e1 na tejto linke <a href=\"https:\/\/eara.farm\/wp-content\/uploads\/CLEANED-_-Consensus-Response-to-Vision-1.pdf\" data-type=\"link\" data-id=\"https:\/\/eara.farm\/wp-content\/uploads\/CLEANED-_-Consensus-Response-to-Vision-1.pdf\">https:\/\/eara.farm\/wp-content\/uploads\/CLEANED-_-Consensus-Response-to-Vision-1.pdf<\/a>  , kde je mo\u017en\u00e9 ju podpori\u0165 tento dokument a podie\u013ea\u0165 sa na jej rozpracovan\u00ed. EARA podporuje reformy Spolo\u010dnej po\u013enohospod\u00e1rskej politiky E\u00da, aby bolo po\u013enohospod\u00e1rstvo stabiliza\u010dn\u00fdm prvkom rozvoja vidieka, ochrany pr\u00edrodn\u00fdch zdrojov &#8211; vody a p\u00f4dy, k\u013e\u00fa\u010dov\u00fdm sektorom pre redukciu klimatick\u00fdch riz\u00edk a pre produkciu zdrav\u00fdch potrav\u00edn. EARA je presved\u010den\u00e1 o tom, \u017ee tak\u00e1to v\u00edzia oslov\u00ed aj mlad\u00fa gener\u00e1ciu, aby sa zapojila do rozvoja vidieka, produkcie potrav\u00edn a starostlivosti o krajinu. Svoju v\u00edziu a smerovanie sformulovali do nasledovn\u00e9ho dokumentu <a href=\"https:\/\/eara.farm\/wp-content\/uploads\/EARA_CAP-Policy-Paper_-Towards-a-farmer-and-agroecosystem-health-centered-CAP-1.pdf\">https:\/\/eara.farm\/wp-content\/uploads\/EARA_CAP-Policy-Paper_-Towards-a-farmer-and-agroecosystem-health-centered-CAP-1.pdf<\/a>  EARA v\u00fdznam regenerat\u00edvneho po\u013enohospod\u00e1rstva pova\u017euje za rozhoduj\u00facu formu transform\u00e1cie doteraz dominantn\u00e9ho priemyseln\u00e9ho po\u013enohospod\u00e1rstva v nasleduj\u00facich rokoch meniacej sa kl\u00edmy a trhov. Sp\u00fa\u0161\u0165a preto dvojro\u010dn\u00fa cestu po 10 \u0161t\u00e1toch E\u00da, ktorej cie\u013eom je vies\u0165 dial\u00f3g o regenerat\u00edvnom po\u013enohospod\u00e1rstve, \u010do m\u00e1 prispie\u0165 k reform\u00e1m a zmen\u00e1m novej Spolo\u010dnej po\u013enohospod\u00e1rskej politiky E\u00da po roku 2027.     <\/p>\n\n\n\n<p>\u00da\u010das\u0165 na podujat\u00ed bola zabezpe\u010den\u00e1 v spolupr\u00e1ci OZ \u013dudia a voda, expertnej platformy Klimatick\u00fd klub \/ N\u00e1rodn\u00fd Trust, n.o. a poradenskej spolo\u010dnosti Water Holistic, s.r.o..   <\/p>\n\n\n\n<div class=\"wp-block-group is-vertical is-layout-flex wp-container-core-group-is-layout-8cf370e7 wp-block-group-is-layout-flex\">\n<p>Martin Kov\u00e1\u010d<\/p>\n<\/div>\n","protected":false},"excerpt":{"rendered":"<p>5. a\u017e 7. febru\u00e1ra 2025 sa uskuto\u010dnil v Bruseli EARA AGRIFOOD REGENERATION WEEK. Bol to t\u00fd\u017ede\u0148 tematick\u00fdch podujat\u00ed a stretnut\u00ed novovzniknutej (2023) Eur\u00f3pskej alliance pre regenerat\u00edvne po\u013enohospod\u00e1rstvo https:\/\/eara.farm\/, ktor\u00e9 m\u00e1 viac ako 60 \u010dlenov. Podujatie bolo ve\u013emi u\u017eito\u010dn\u00e9 a potrebn\u00e9, preto\u017ee na \u0148om prebiehala diskusia o tom ako transformova\u0165 priemyseln\u00e9 formy po\u013enohospod\u00e1rstva na regenerat\u00edvne po\u013enohospod\u00e1rstvo&#8230;<\/p>\n","protected":false},"author":5,"featured_media":803,"comment_status":"open","ping_status":"open","sticky":false,"template":"","format":"standard","meta":{"_jetpack_memberships_contains_paid_content":false,"footnotes":""},"categories":[11,9,10],"tags":[],"class_list":["post-802","post","type-post","status-publish","format-standard","has-post-thumbnail","hentry","category-garant","category-uzivatel","category-gov"],"jetpack_featured_media_url":"https:\/\/i0.wp.com\/in.vodapoda.eu\/wp-content\/uploads\/2025\/03\/farm-visit-7-feb-2025.jpg?fit=546%2C305&ssl=1","jetpack_sharing_enabled":true,"_links":{"self":[{"href":"https:\/\/in.vodapoda.eu\/index.php\/wp-json\/wp\/v2\/posts\/802","targetHints":{"allow":["GET"]}}],"collection":[{"href":"https:\/\/in.vodapoda.eu\/index.php\/wp-json\/wp\/v2\/posts"}],"about":[{"href":"https:\/\/in.vodapoda.eu\/index.php\/wp-json\/wp\/v2\/types\/post"}],"author":[{"embeddable":true,"href":"https:\/\/in.vodapoda.eu\/index.php\/wp-json\/wp\/v2\/users\/5"}],"replies":[{"embeddable":true,"href":"https:\/\/in.vodapoda.eu\/index.php\/wp-json\/wp\/v2\/comments?post=802"}],"version-history":[{"count":5,"href":"https:\/\/in.vodapoda.eu\/index.php\/wp-json\/wp\/v2\/posts\/802\/revisions"}],"predecessor-version":[{"id":813,"href":"https:\/\/in.vodapoda.eu\/index.php\/wp-json\/wp\/v2\/posts\/802\/revisions\/813"}],"wp:featuredmedia":[{"embeddable":true,"href":"https:\/\/in.vodapoda.eu\/index.php\/wp-json\/wp\/v2\/media\/803"}],"wp:attachment":[{"href":"https:\/\/in.vodapoda.eu\/index.php\/wp-json\/wp\/v2\/media?parent=802"}],"wp:term":[{"taxonomy":"category","embeddable":true,"href":"https:\/\/in.vodapoda.eu\/index.php\/wp-json\/wp\/v2\/categories?post=802"},{"taxonomy":"post_tag","embeddable":true,"href":"https:\/\/in.vodapoda.eu\/index.php\/wp-json\/wp\/v2\/tags?post=802"}],"curies":[{"name":"wp","href":"https:\/\/api.w.org\/{rel}","templated":true}]}}